{"id":226,"date":"2021-04-25T12:46:50","date_gmt":"2021-04-25T12:46:50","guid":{"rendered":"https:\/\/www.lagarrotxarural.com\/las-estunes-de-banyoles-o-porqueres\/"},"modified":"2023-03-08T17:33:29","modified_gmt":"2023-03-08T17:33:29","slug":"las-estunes-de-banyoles-o-porqueres","status":"publish","type":"post","link":"https:\/\/www.lagarrotxarural.com\/es\/las-estunes-de-banyoles-o-porqueres\/","title":{"rendered":"Las Estunes de Banyoles o Porqueres"},"content":{"rendered":"<p>El Bosc de les Estunes se encuentra ubicado en las inmediaciones del municipio de Porqueres es un lugar realmente maravilloso, un \u00e1rea natural donde resaltan los robles y las encinas, as\u00ed como las singulares esquerdes de travert\u00ed (grietas de travertino), se dice que es un lugar m\u00e1gico en el cual habitan las Goges, hadas de agua que se encargan de cuidar y regenerar la naturaleza.<\/p>\n<p>Estas hadas, seg\u00fan las antiguas leyendas, construyeron sus palacios entre las grietas de las rocas y hacen fiestas y se divierten durante toda la noche. Adem\u00e1s favorecen la fertilidad de la mujer y el nacimiento de sus hijos.<\/p>\n<p>En el Bosc de les Estunes se caracteriza por sus formaciones rocosas de travertinos, las cuales se consideran como una de las formaciones lacustres de origen c\u00e1rstico de mayor importancia en Catalu\u00f1a. Las esquerdes de travert\u00ed, por las que incluso cabe una persona, se formaron por la fracturaci\u00f3n y disoluci\u00f3n del travertino debido posiblemente a importantes movimientos tel\u00faricos.<\/p>\n<p>La formaci\u00f3n del travertino se debe a que en tiempos muy remotos el agua del estany de Banyoles llega a esta zona, por ello es posible observar en los bloques de travertino abundante fauna f\u00f3sil. Sobre el travertino se encuentra un importante ecosistema, en el que resaltan encinas y robles, muchos de los cuales son emblem\u00e1ticos como roble Gros, un roble pubescente ubicado en las cercan\u00edas del Mas Corralot.<\/p>\n<p>Para visitar el Bosc de les Estunes hay que venir a Banyoles, ciudad capital de la comarca del Pla de l&#8217;Estany en Girona, tomar la ruta del estany de Banyoles y luego dirigirse a la carretera a Olot. Al pasar el cruce a Pujarnol, se sigue en direcci\u00f3n a Mieres por unos 250 metros hasta el aparcamiento que da acceso al Bosc de les Estunes. Podemos guiarnos por el amplio cartel de se\u00f1alizaci\u00f3n del lugar.<\/p>\n","protected":false},"excerpt":{"rendered":"<p>El Bosc de les Estunes se encuentra ubicado en las inmediaciones del municipio de Porqueres es un lugar realmente maravilloso, un \u00e1rea natural donde resaltan los robles y las encinas, as\u00ed como las singulares esquerdes de travert\u00ed (grietas de travertino), se dice que es un lugar m\u00e1gico en el cual habitan las Goges, hadas de [&hellip;]<\/p>\n","protected":false},"author":1,"featured_media":224,"comment_status":"closed","ping_status":"closed","sticky":false,"template":"","format":"standard","meta":{"footnotes":""},"categories":[18],"tags":[],"class_list":["post-226","post","type-post","status-publish","format-standard","has-post-thumbnail","hentry","category-la-garrotxa-es"],"yoast_head":"<!-- This site is optimized with the Yoast SEO plugin v27.2 - https:\/\/yoast.com\/product\/yoast-seo-wordpress\/ -->\n<title>Las Estunes de Banyoles o Porqueres &#8226; La Garrotxa Rural<\/title>\n<meta name=\"description\" content=\"El Bosc de les Estunes se encuentra ubicado en las inmediaciones del municipio de Porqueres es un lugar realmente maravilloso, un \u00e1rea natural donde\" \/>\n<meta name=\"robots\" content=\"index, follow, max-snippet:-1, max-image-preview:large, max-video-preview:-1\" \/>\n<link rel=\"canonical\" href=\"https:\/\/www.lagarrotxarural.com\/es\/las-estunes-de-banyoles-o-porqueres\/\" \/>\n<meta property=\"og:locale\" content=\"es_ES\" \/>\n<meta property=\"og:type\" content=\"article\" \/>\n<meta property=\"og:title\" content=\"Las Estunes de Banyoles o Porqueres &#8226; La Garrotxa Rural\" \/>\n<meta property=\"og:description\" content=\"El Bosc de les Estunes se encuentra ubicado en las inmediaciones del municipio de Porqueres es un lugar realmente maravilloso, un \u00e1rea natural donde\" \/>\n<meta property=\"og:url\" content=\"https:\/\/www.lagarrotxarural.com\/es\/las-estunes-de-banyoles-o-porqueres\/\" \/>\n<meta property=\"og:site_name\" content=\"La Garrotxa Rural\" \/>\n<meta property=\"article:published_time\" content=\"2021-04-25T12:46:50+00:00\" \/>\n<meta property=\"article:modified_time\" content=\"2023-03-08T17:33:29+00:00\" \/>\n<meta property=\"og:image\" content=\"https:\/\/www.lagarrotxarural.com\/wp-content\/uploads\/2021\/04\/IMG_20171021_160604.jpg\" \/>\n\t<meta property=\"og:image:width\" content=\"1600\" \/>\n\t<meta property=\"og:image:height\" content=\"1200\" \/>\n\t<meta property=\"og:image:type\" content=\"image\/jpeg\" \/>\n<meta name=\"author\" content=\"admin\" \/>\n<meta name=\"twitter:card\" content=\"summary_large_image\" \/>\n<meta name=\"twitter:label1\" content=\"Escrito por\" \/>\n\t<meta name=\"twitter:data1\" content=\"admin\" \/>\n\t<meta name=\"twitter:label2\" content=\"Tiempo de lectura\" \/>\n\t<meta name=\"twitter:data2\" content=\"2 minutos\" \/>\n<script type=\"application\/ld+json\" class=\"yoast-schema-graph\">{\"@context\":\"https:\/\/schema.org\",\"@graph\":[{\"@type\":\"Article\",\"@id\":\"https:\/\/www.lagarrotxarural.com\/es\/las-estunes-de-banyoles-o-porqueres\/#article\",\"isPartOf\":{\"@id\":\"https:\/\/www.lagarrotxarural.com\/es\/las-estunes-de-banyoles-o-porqueres\/\"},\"author\":{\"name\":\"admin\",\"@id\":\"https:\/\/www.lagarrotxarural.com\/es\/#\/schema\/person\/a3cf5a6d03469e720131d160f4ec121e\"},\"headline\":\"Las Estunes de Banyoles o Porqueres\",\"datePublished\":\"2021-04-25T12:46:50+00:00\",\"dateModified\":\"2023-03-08T17:33:29+00:00\",\"mainEntityOfPage\":{\"@id\":\"https:\/\/www.lagarrotxarural.com\/es\/las-estunes-de-banyoles-o-porqueres\/\"},\"wordCount\":326,\"publisher\":{\"@id\":\"https:\/\/www.lagarrotxarural.com\/es\/#organization\"},\"image\":{\"@id\":\"https:\/\/www.lagarrotxarural.com\/es\/las-estunes-de-banyoles-o-porqueres\/#primaryimage\"},\"thumbnailUrl\":\"https:\/\/www.lagarrotxarural.com\/wp-content\/uploads\/2021\/04\/IMG_20171021_160604.jpg\",\"articleSection\":[\"La Garrotxa\"],\"inLanguage\":\"es\"},{\"@type\":\"WebPage\",\"@id\":\"https:\/\/www.lagarrotxarural.com\/es\/las-estunes-de-banyoles-o-porqueres\/\",\"url\":\"https:\/\/www.lagarrotxarural.com\/es\/las-estunes-de-banyoles-o-porqueres\/\",\"name\":\"Las Estunes de Banyoles o Porqueres &#8226; La Garrotxa Rural\",\"isPartOf\":{\"@id\":\"https:\/\/www.lagarrotxarural.com\/es\/#website\"},\"primaryImageOfPage\":{\"@id\":\"https:\/\/www.lagarrotxarural.com\/es\/las-estunes-de-banyoles-o-porqueres\/#primaryimage\"},\"image\":{\"@id\":\"https:\/\/www.lagarrotxarural.com\/es\/las-estunes-de-banyoles-o-porqueres\/#primaryimage\"},\"thumbnailUrl\":\"https:\/\/www.lagarrotxarural.com\/wp-content\/uploads\/2021\/04\/IMG_20171021_160604.jpg\",\"datePublished\":\"2021-04-25T12:46:50+00:00\",\"dateModified\":\"2023-03-08T17:33:29+00:00\",\"description\":\"El Bosc de les Estunes se encuentra ubicado en las inmediaciones del municipio de Porqueres es un lugar realmente maravilloso, un \u00e1rea natural donde\",\"breadcrumb\":{\"@id\":\"https:\/\/www.lagarrotxarural.com\/es\/las-estunes-de-banyoles-o-porqueres\/#breadcrumb\"},\"inLanguage\":\"es\",\"potentialAction\":[{\"@type\":\"ReadAction\",\"target\":[\"https:\/\/www.lagarrotxarural.com\/es\/las-estunes-de-banyoles-o-porqueres\/\"]}]},{\"@type\":\"ImageObject\",\"inLanguage\":\"es\",\"@id\":\"https:\/\/www.lagarrotxarural.com\/es\/las-estunes-de-banyoles-o-porqueres\/#primaryimage\",\"url\":\"https:\/\/www.lagarrotxarural.com\/wp-content\/uploads\/2021\/04\/IMG_20171021_160604.jpg\",\"contentUrl\":\"https:\/\/www.lagarrotxarural.com\/wp-content\/uploads\/2021\/04\/IMG_20171021_160604.jpg\",\"width\":1600,\"height\":1200,\"caption\":\"bosc estunes\"},{\"@type\":\"BreadcrumbList\",\"@id\":\"https:\/\/www.lagarrotxarural.com\/es\/las-estunes-de-banyoles-o-porqueres\/#breadcrumb\",\"itemListElement\":[{\"@type\":\"ListItem\",\"position\":1,\"name\":\"Portada\",\"item\":\"https:\/\/www.lagarrotxarural.com\/es\/\"},{\"@type\":\"ListItem\",\"position\":2,\"name\":\"Las Estunes de Banyoles o Porqueres\"}]},{\"@type\":\"WebSite\",\"@id\":\"https:\/\/www.lagarrotxarural.com\/es\/#website\",\"url\":\"https:\/\/www.lagarrotxarural.com\/es\/\",\"name\":\"La Garrotxa Rural\",\"description\":\"Cal Tort\",\"publisher\":{\"@id\":\"https:\/\/www.lagarrotxarural.com\/es\/#organization\"},\"potentialAction\":[{\"@type\":\"SearchAction\",\"target\":{\"@type\":\"EntryPoint\",\"urlTemplate\":\"https:\/\/www.lagarrotxarural.com\/es\/?s={search_term_string}\"},\"query-input\":{\"@type\":\"PropertyValueSpecification\",\"valueRequired\":true,\"valueName\":\"search_term_string\"}}],\"inLanguage\":\"es\"},{\"@type\":\"Organization\",\"@id\":\"https:\/\/www.lagarrotxarural.com\/es\/#organization\",\"name\":\"La Garrotxa Rural - Cal Tort\",\"url\":\"https:\/\/www.lagarrotxarural.com\/es\/\",\"logo\":{\"@type\":\"ImageObject\",\"inLanguage\":\"es\",\"@id\":\"https:\/\/www.lagarrotxarural.com\/es\/#\/schema\/logo\/image\/\",\"url\":\"https:\/\/www.lagarrotxarural.com\/wp-content\/uploads\/2022\/06\/log-cat-1.png\",\"contentUrl\":\"https:\/\/www.lagarrotxarural.com\/wp-content\/uploads\/2022\/06\/log-cat-1.png\",\"width\":204,\"height\":90,\"caption\":\"La Garrotxa Rural - Cal Tort\"},\"image\":{\"@id\":\"https:\/\/www.lagarrotxarural.com\/es\/#\/schema\/logo\/image\/\"}},{\"@type\":\"Person\",\"@id\":\"https:\/\/www.lagarrotxarural.com\/es\/#\/schema\/person\/a3cf5a6d03469e720131d160f4ec121e\",\"name\":\"admin\",\"image\":{\"@type\":\"ImageObject\",\"inLanguage\":\"es\",\"@id\":\"https:\/\/secure.gravatar.com\/avatar\/9927a224b9f9733c4feb9fdbfa81332fd2a62fe00eefee4c746caa088fb72e8c?s=96&d=mm&r=g\",\"url\":\"https:\/\/secure.gravatar.com\/avatar\/9927a224b9f9733c4feb9fdbfa81332fd2a62fe00eefee4c746caa088fb72e8c?s=96&d=mm&r=g\",\"contentUrl\":\"https:\/\/secure.gravatar.com\/avatar\/9927a224b9f9733c4feb9fdbfa81332fd2a62fe00eefee4c746caa088fb72e8c?s=96&d=mm&r=g\",\"caption\":\"admin\"},\"url\":\"https:\/\/www.lagarrotxarural.com\/es\/author\/garrotxarural\/\"}]}<\/script>\n<!-- \/ Yoast SEO plugin. -->","yoast_head_json":{"title":"Las Estunes de Banyoles o Porqueres &#8226; La Garrotxa Rural","description":"El Bosc de les Estunes se encuentra ubicado en las inmediaciones del municipio de Porqueres es un lugar realmente maravilloso, un \u00e1rea natural donde","robots":{"index":"index","follow":"follow","max-snippet":"max-snippet:-1","max-image-preview":"max-image-preview:large","max-video-preview":"max-video-preview:-1"},"canonical":"https:\/\/www.lagarrotxarural.com\/es\/las-estunes-de-banyoles-o-porqueres\/","og_locale":"es_ES","og_type":"article","og_title":"Las Estunes de Banyoles o Porqueres &#8226; La Garrotxa Rural","og_description":"El Bosc de les Estunes se encuentra ubicado en las inmediaciones del municipio de Porqueres es un lugar realmente maravilloso, un \u00e1rea natural donde","og_url":"https:\/\/www.lagarrotxarural.com\/es\/las-estunes-de-banyoles-o-porqueres\/","og_site_name":"La Garrotxa Rural","article_published_time":"2021-04-25T12:46:50+00:00","article_modified_time":"2023-03-08T17:33:29+00:00","og_image":[{"width":1600,"height":1200,"url":"https:\/\/www.lagarrotxarural.com\/wp-content\/uploads\/2021\/04\/IMG_20171021_160604.jpg","type":"image\/jpeg"}],"author":"admin","twitter_card":"summary_large_image","twitter_misc":{"Escrito por":"admin","Tiempo de lectura":"2 minutos"},"schema":{"@context":"https:\/\/schema.org","@graph":[{"@type":"Article","@id":"https:\/\/www.lagarrotxarural.com\/es\/las-estunes-de-banyoles-o-porqueres\/#article","isPartOf":{"@id":"https:\/\/www.lagarrotxarural.com\/es\/las-estunes-de-banyoles-o-porqueres\/"},"author":{"name":"admin","@id":"https:\/\/www.lagarrotxarural.com\/es\/#\/schema\/person\/a3cf5a6d03469e720131d160f4ec121e"},"headline":"Las Estunes de Banyoles o Porqueres","datePublished":"2021-04-25T12:46:50+00:00","dateModified":"2023-03-08T17:33:29+00:00","mainEntityOfPage":{"@id":"https:\/\/www.lagarrotxarural.com\/es\/las-estunes-de-banyoles-o-porqueres\/"},"wordCount":326,"publisher":{"@id":"https:\/\/www.lagarrotxarural.com\/es\/#organization"},"image":{"@id":"https:\/\/www.lagarrotxarural.com\/es\/las-estunes-de-banyoles-o-porqueres\/#primaryimage"},"thumbnailUrl":"https:\/\/www.lagarrotxarural.com\/wp-content\/uploads\/2021\/04\/IMG_20171021_160604.jpg","articleSection":["La Garrotxa"],"inLanguage":"es"},{"@type":"WebPage","@id":"https:\/\/www.lagarrotxarural.com\/es\/las-estunes-de-banyoles-o-porqueres\/","url":"https:\/\/www.lagarrotxarural.com\/es\/las-estunes-de-banyoles-o-porqueres\/","name":"Las Estunes de Banyoles o Porqueres &#8226; La Garrotxa Rural","isPartOf":{"@id":"https:\/\/www.lagarrotxarural.com\/es\/#website"},"primaryImageOfPage":{"@id":"https:\/\/www.lagarrotxarural.com\/es\/las-estunes-de-banyoles-o-porqueres\/#primaryimage"},"image":{"@id":"https:\/\/www.lagarrotxarural.com\/es\/las-estunes-de-banyoles-o-porqueres\/#primaryimage"},"thumbnailUrl":"https:\/\/www.lagarrotxarural.com\/wp-content\/uploads\/2021\/04\/IMG_20171021_160604.jpg","datePublished":"2021-04-25T12:46:50+00:00","dateModified":"2023-03-08T17:33:29+00:00","description":"El Bosc de les Estunes se encuentra ubicado en las inmediaciones del municipio de Porqueres es un lugar realmente maravilloso, un \u00e1rea natural donde","breadcrumb":{"@id":"https:\/\/www.lagarrotxarural.com\/es\/las-estunes-de-banyoles-o-porqueres\/#breadcrumb"},"inLanguage":"es","potentialAction":[{"@type":"ReadAction","target":["https:\/\/www.lagarrotxarural.com\/es\/las-estunes-de-banyoles-o-porqueres\/"]}]},{"@type":"ImageObject","inLanguage":"es","@id":"https:\/\/www.lagarrotxarural.com\/es\/las-estunes-de-banyoles-o-porqueres\/#primaryimage","url":"https:\/\/www.lagarrotxarural.com\/wp-content\/uploads\/2021\/04\/IMG_20171021_160604.jpg","contentUrl":"https:\/\/www.lagarrotxarural.com\/wp-content\/uploads\/2021\/04\/IMG_20171021_160604.jpg","width":1600,"height":1200,"caption":"bosc estunes"},{"@type":"BreadcrumbList","@id":"https:\/\/www.lagarrotxarural.com\/es\/las-estunes-de-banyoles-o-porqueres\/#breadcrumb","itemListElement":[{"@type":"ListItem","position":1,"name":"Portada","item":"https:\/\/www.lagarrotxarural.com\/es\/"},{"@type":"ListItem","position":2,"name":"Las Estunes de Banyoles o Porqueres"}]},{"@type":"WebSite","@id":"https:\/\/www.lagarrotxarural.com\/es\/#website","url":"https:\/\/www.lagarrotxarural.com\/es\/","name":"La Garrotxa Rural","description":"Cal Tort","publisher":{"@id":"https:\/\/www.lagarrotxarural.com\/es\/#organization"},"potentialAction":[{"@type":"SearchAction","target":{"@type":"EntryPoint","urlTemplate":"https:\/\/www.lagarrotxarural.com\/es\/?s={search_term_string}"},"query-input":{"@type":"PropertyValueSpecification","valueRequired":true,"valueName":"search_term_string"}}],"inLanguage":"es"},{"@type":"Organization","@id":"https:\/\/www.lagarrotxarural.com\/es\/#organization","name":"La Garrotxa Rural - Cal Tort","url":"https:\/\/www.lagarrotxarural.com\/es\/","logo":{"@type":"ImageObject","inLanguage":"es","@id":"https:\/\/www.lagarrotxarural.com\/es\/#\/schema\/logo\/image\/","url":"https:\/\/www.lagarrotxarural.com\/wp-content\/uploads\/2022\/06\/log-cat-1.png","contentUrl":"https:\/\/www.lagarrotxarural.com\/wp-content\/uploads\/2022\/06\/log-cat-1.png","width":204,"height":90,"caption":"La Garrotxa Rural - Cal Tort"},"image":{"@id":"https:\/\/www.lagarrotxarural.com\/es\/#\/schema\/logo\/image\/"}},{"@type":"Person","@id":"https:\/\/www.lagarrotxarural.com\/es\/#\/schema\/person\/a3cf5a6d03469e720131d160f4ec121e","name":"admin","image":{"@type":"ImageObject","inLanguage":"es","@id":"https:\/\/secure.gravatar.com\/avatar\/9927a224b9f9733c4feb9fdbfa81332fd2a62fe00eefee4c746caa088fb72e8c?s=96&d=mm&r=g","url":"https:\/\/secure.gravatar.com\/avatar\/9927a224b9f9733c4feb9fdbfa81332fd2a62fe00eefee4c746caa088fb72e8c?s=96&d=mm&r=g","contentUrl":"https:\/\/secure.gravatar.com\/avatar\/9927a224b9f9733c4feb9fdbfa81332fd2a62fe00eefee4c746caa088fb72e8c?s=96&d=mm&r=g","caption":"admin"},"url":"https:\/\/www.lagarrotxarural.com\/es\/author\/garrotxarural\/"}]}},"_links":{"self":[{"href":"https:\/\/www.lagarrotxarural.com\/es\/wp-json\/wp\/v2\/posts\/226","targetHints":{"allow":["GET"]}}],"collection":[{"href":"https:\/\/www.lagarrotxarural.com\/es\/wp-json\/wp\/v2\/posts"}],"about":[{"href":"https:\/\/www.lagarrotxarural.com\/es\/wp-json\/wp\/v2\/types\/post"}],"author":[{"embeddable":true,"href":"https:\/\/www.lagarrotxarural.com\/es\/wp-json\/wp\/v2\/users\/1"}],"replies":[{"embeddable":true,"href":"https:\/\/www.lagarrotxarural.com\/es\/wp-json\/wp\/v2\/comments?post=226"}],"version-history":[{"count":1,"href":"https:\/\/www.lagarrotxarural.com\/es\/wp-json\/wp\/v2\/posts\/226\/revisions"}],"predecessor-version":[{"id":375,"href":"https:\/\/www.lagarrotxarural.com\/es\/wp-json\/wp\/v2\/posts\/226\/revisions\/375"}],"wp:featuredmedia":[{"embeddable":true,"href":"https:\/\/www.lagarrotxarural.com\/es\/wp-json\/wp\/v2\/media\/224"}],"wp:attachment":[{"href":"https:\/\/www.lagarrotxarural.com\/es\/wp-json\/wp\/v2\/media?parent=226"}],"wp:term":[{"taxonomy":"category","embeddable":true,"href":"https:\/\/www.lagarrotxarural.com\/es\/wp-json\/wp\/v2\/categories?post=226"},{"taxonomy":"post_tag","embeddable":true,"href":"https:\/\/www.lagarrotxarural.com\/es\/wp-json\/wp\/v2\/tags?post=226"}],"curies":[{"name":"wp","href":"https:\/\/api.w.org\/{rel}","templated":true}]}}